{"id":1122,"date":"2016-11-15T21:42:01","date_gmt":"2016-11-15T20:42:01","guid":{"rendered":"https:\/\/ambguatemala.esteri.it\/news\/dall_ambasciata\/2016\/11\/prima-settimana-della-ccucina-italiana-2\/"},"modified":"2016-11-15T21:42:01","modified_gmt":"2016-11-15T20:42:01","slug":"prima-settimana-della-ccucina-italiana-2","status":"publish","type":"post","link":"https:\/\/ambguatemala.esteri.it\/es\/news\/dall_ambasciata\/2016\/11\/prima-settimana-della-ccucina-italiana-2\/","title":{"rendered":"Primera Semana de la Cocina Italiana en el Mundo"},"content":{"rendered":"<p>El 10 de noviembre pasado en la residencia de la Embajada de Italia se tuvo la conferencia de prensa por el lanzamiento de la \u00abSemana de la Cocina Italiana en el Mundo\u00bb que se realizar\u00e1 este a\u00f1o del 21 al 27 de noviembre.<\/p>\n<p>Presentes, el Embajador PUCCI, la directora del Instituto Italiano de Cultura, Doctora Claudia Romano y todos los representantes del sistema Italia (Camara de Comercio Italo-guatemalteca CAMCIG, Academia de la Cocina y Dante Alighieri) que operan en Guatemala.<\/p>\n<p>En las intervenciones se subrayaron los objetivos en base de las deciciones a instituir una semana dedicada al patrimonio gastron\u00f3mico italiano y su difunci\u00f3n en el mundo. En particular el Embajador PUCCI subrayo que tal iniciativa, ademas de apoyar el sector gastron\u00f3mico y alimentario italiano, apunta a desarrollar la tem\u00e1tica a afrontar con exito en el curso de la edicion de la expo 2015 y recoge en la carta de Milan: Calidad, Sostenibilidad, Cultura, Seguridad Alimentaria, Derecho a la Comida, Educacion, Identidad y Biodiversidad.<\/p>\n<p>Se presentaron tambien los programas de los eventos que se tendran en el curso de las proximas semanas y las iniciativas de los restaurantes Italianos presentes en Guatemala que ofrecen menus tradicionales de la cocina Italiana a precios favorables.<\/p>\n","protected":false},"excerpt":{"rendered":"El 10 de noviembre pasado en la residencia de la Embajada de Italia se tuvo la conferencia de prensa por el lanzamiento de la \u00abSemana de la Cocina Italiana en el Mundo\u00bb que se realizar\u00e1 este a\u00f1o del 21 al 27 de noviembre. Presentes, el Embajador PUCCI, la directora del Instituto Italiano de Cultura, Doctora [&hellip;]","protected":false},"author":1,"featured_media":0,"comment_status":"","ping_status":"","sticky":false,"template":"","format":"standard","meta":{"footnotes":""},"tags":[],"class_list":["post-1122","post","type-post","status-publish","format-standard","hentry"],"_links":{"self":[{"href":"https:\/\/ambguatemala.esteri.it\/es\/wp-json\/wp\/v2\/posts\/1122","targetHints":{"allow":["GET"]}}],"collection":[{"href":"https:\/\/ambguatemala.esteri.it\/es\/wp-json\/wp\/v2\/posts"}],"about":[{"href":"https:\/\/ambguatemala.esteri.it\/es\/wp-json\/wp\/v2\/types\/post"}],"author":[{"embeddable":true,"href":"https:\/\/ambguatemala.esteri.it\/es\/wp-json\/wp\/v2\/users\/1"}],"replies":[{"embeddable":true,"href":"https:\/\/ambguatemala.esteri.it\/es\/wp-json\/wp\/v2\/comments?post=1122"}],"version-history":[{"count":0,"href":"https:\/\/ambguatemala.esteri.it\/es\/wp-json\/wp\/v2\/posts\/1122\/revisions"}],"wp:attachment":[{"href":"https:\/\/ambguatemala.esteri.it\/es\/wp-json\/wp\/v2\/media?parent=1122"}],"wp:term":[{"taxonomy":"post_tag","embeddable":true,"href":"https:\/\/ambguatemala.esteri.it\/es\/wp-json\/wp\/v2\/tags?post=1122"}],"curies":[{"name":"wp","href":"https:\/\/api.w.org\/{rel}","templated":true}]}}