{"id":976,"date":"2017-06-08T17:35:16","date_gmt":"2017-06-08T15:35:16","guid":{"rendered":"https:\/\/ambguatemala.esteri.it\/news\/dall_ambasciata\/2017\/06\/bando-premio-iila-fotografia-2017-2\/"},"modified":"2017-06-08T17:35:16","modified_gmt":"2017-06-08T15:35:16","slug":"bando-premio-iila-fotografia-2017-2","status":"publish","type":"post","link":"https:\/\/ambguatemala.esteri.it\/es\/news\/dall_ambasciata\/2017\/06\/bando-premio-iila-fotografia-2017-2\/","title":{"rendered":"ANUNCIO DE CONCURSO IILA FOTOGRAFIA 2017"},"content":{"rendered":"<p>Con motivo de la XVI Edici\u00f3n de Fotograf\u00eda-Festival Internacional de Roma, el IILA llevar\u00e1 a cabo tambi\u00e9n este a\u00f1o, por d\u00e9cima vez consecutiva, la edici\u00f3n didicada a fot\u00f3grafos procedentes de los Pa\u00edses Latinoamericamos Miembros del Organismo.<\/p>\n<p><a href=\"\/ambasciata_guatemala\/resource\/img\/2017\/06\/comunicado_de_prensa_x__premio_iila_fotografia.pdf\">Comunicado de Prensa X Premio IILA fotografia<\/a><\/p>\n<p><a href=\"\/ambasciata_guatemala\/resource\/img\/2017\/06\/comunicato_stampa_x_premio_iila_fotografia.pdf\">Comunicato Stampa X Premio IILA fotografia<\/a><\/p>\n<p><a href=\"\/ambasciata_guatemala\/resource\/img\/2017\/06\/convocatoria_x_premio_iila_fotografia_2017.pdf\">Convocatoria X Premio IILA fotografia<\/a><\/p>\n","protected":false},"excerpt":{"rendered":"Con motivo de la XVI Edici\u00f3n de Fotograf\u00eda-Festival Internacional de Roma, el IILA llevar\u00e1 a cabo tambi\u00e9n este a\u00f1o, por d\u00e9cima vez consecutiva, la edici\u00f3n didicada a fot\u00f3grafos procedentes de los Pa\u00edses Latinoamericamos Miembros del Organismo. Comunicado de Prensa X Premio IILA fotografia Comunicato Stampa X Premio IILA fotografia Convocatoria X Premio IILA fotografia","protected":false},"author":1,"featured_media":0,"comment_status":"","ping_status":"","sticky":false,"template":"","format":"standard","meta":{"footnotes":""},"tags":[],"class_list":["post-976","post","type-post","status-publish","format-standard","hentry"],"_links":{"self":[{"href":"https:\/\/ambguatemala.esteri.it\/es\/wp-json\/wp\/v2\/posts\/976","targetHints":{"allow":["GET"]}}],"collection":[{"href":"https:\/\/ambguatemala.esteri.it\/es\/wp-json\/wp\/v2\/posts"}],"about":[{"href":"https:\/\/ambguatemala.esteri.it\/es\/wp-json\/wp\/v2\/types\/post"}],"author":[{"embeddable":true,"href":"https:\/\/ambguatemala.esteri.it\/es\/wp-json\/wp\/v2\/users\/1"}],"replies":[{"embeddable":true,"href":"https:\/\/ambguatemala.esteri.it\/es\/wp-json\/wp\/v2\/comments?post=976"}],"version-history":[{"count":0,"href":"https:\/\/ambguatemala.esteri.it\/es\/wp-json\/wp\/v2\/posts\/976\/revisions"}],"wp:attachment":[{"href":"https:\/\/ambguatemala.esteri.it\/es\/wp-json\/wp\/v2\/media?parent=976"}],"wp:term":[{"taxonomy":"post_tag","embeddable":true,"href":"https:\/\/ambguatemala.esteri.it\/es\/wp-json\/wp\/v2\/tags?post=976"}],"curies":[{"name":"wp","href":"https:\/\/api.w.org\/{rel}","templated":true}]}}